{"id":3771,"date":"2021-12-04T17:34:49","date_gmt":"2021-12-04T16:34:49","guid":{"rendered":"https:\/\/janreichenbach.de\/blog\/?p=3771"},"modified":"2021-12-05T14:27:35","modified_gmt":"2021-12-05T13:27:35","slug":"feuerwerk-an-silvester-2021","status":"publish","type":"post","link":"https:\/\/janreichenbach.de\/blog\/feuerwerk-an-silvester-2021\/","title":{"rendered":"feuerwerk-an-silvester-2021"},"content":{"rendered":"\t\t<div data-elementor-type=\"wp-post\" data-elementor-id=\"3771\" class=\"elementor elementor-3771\" data-elementor-post-type=\"post\">\n\t\t\t\t\t\t<section class=\"elementor-section elementor-top-section elementor-element elementor-element-89b64ac elementor-section-boxed elementor-section-height-default elementor-section-height-default\" data-id=\"89b64ac\" data-element_type=\"section\" data-e-type=\"section\">\n\t\t\t\t\t\t<div class=\"elementor-container elementor-column-gap-default\">\n\t\t\t\t\t<div class=\"elementor-column elementor-col-100 elementor-top-column elementor-element elementor-element-c69ec53\" data-id=\"c69ec53\" data-element_type=\"column\" data-e-type=\"column\">\n\t\t\t<div class=\"elementor-widget-wrap elementor-element-populated\">\n\t\t\t\t\t\t<div class=\"elementor-element elementor-element-c403591 elementor-widget elementor-widget-html\" data-id=\"c403591\" data-element_type=\"widget\" data-e-type=\"widget\" data-widget_type=\"html.default\">\n\t\t\t\t<div class=\"elementor-widget-container\">\n\t\t\t\t\t<div class=\"podcastdotco-wrapper\"><iframe data-target=\"janreichenbach-de\/interview-mit-einem-hobby-pyrotechniker-ist-ein-feuerwerk-an-silvester-erlaubt-und-wie-kann-das-aussehen\" src=\"https:\/\/play.pod.co\/janreichenbach-de\/interview-mit-einem-hobby-pyrotechniker-ist-ein-feuerwerk-an-silvester-erlaubt-und-wie-kann-das-aussehen\"frameborder=\"0\" width=\"100%\" scrolling=\"no\" style=\"overflow:hidden;max-width:750px;height:160px;\"class=\"podcastdotco-player podcastdotco-player--episode\"><\/iframe><script src=\"https:\/\/play.pod.co\/embed\/frame-v1.js\"><\/script><\/div>\t\t\t\t<\/div>\n\t\t\t\t<\/div>\n\t\t\t\t\t<\/div>\n\t\t<\/div>\n\t\t\t\t\t<\/div>\n\t\t<\/section>\n\t\t\t\t<section class=\"elementor-section elementor-top-section elementor-element elementor-element-9a3d1f5 elementor-section-boxed elementor-section-height-default elementor-section-height-default\" data-id=\"9a3d1f5\" data-element_type=\"section\" data-e-type=\"section\">\n\t\t\t\t\t\t<div class=\"elementor-container elementor-column-gap-default\">\n\t\t\t\t\t<div class=\"elementor-column elementor-col-100 elementor-top-column elementor-element elementor-element-7891b23\" data-id=\"7891b23\" data-element_type=\"column\" data-e-type=\"column\">\n\t\t\t<div class=\"elementor-widget-wrap elementor-element-populated\">\n\t\t\t\t\t\t<div class=\"elementor-element elementor-element-ac97b89 elementor-widget elementor-widget-heading\" data-id=\"ac97b89\" data-element_type=\"widget\" data-e-type=\"widget\" data-widget_type=\"heading.default\">\n\t\t\t\t<div class=\"elementor-widget-container\">\n\t\t\t\t\t<h2 class=\"elementor-heading-title elementor-size-default\">Staffel 2, Episode 7: Interview mit einem Hobby-Pyrotechniker - ist ein Feuerwerk an Silvester erlaubt und wie kann das aussehen?<\/h2>\t\t\t\t<\/div>\n\t\t\t\t<\/div>\n\t\t\t\t\t<\/div>\n\t\t<\/div>\n\t\t\t\t\t<\/div>\n\t\t<\/section>\n\t\t\t\t<section class=\"elementor-section elementor-top-section elementor-element elementor-element-3968160 elementor-section-boxed elementor-section-height-default elementor-section-height-default\" data-id=\"3968160\" data-element_type=\"section\" data-e-type=\"section\">\n\t\t\t\t\t\t<div class=\"elementor-container elementor-column-gap-default\">\n\t\t\t\t\t<div class=\"elementor-column elementor-col-100 elementor-top-column elementor-element elementor-element-39d57a5\" data-id=\"39d57a5\" data-element_type=\"column\" data-e-type=\"column\">\n\t\t\t<div class=\"elementor-widget-wrap elementor-element-populated\">\n\t\t\t\t\t\t<div class=\"elementor-element elementor-element-0c86b01 elementor-widget elementor-widget-heading\" data-id=\"0c86b01\" data-element_type=\"widget\" data-e-type=\"widget\" data-widget_type=\"heading.default\">\n\t\t\t\t<div class=\"elementor-widget-container\">\n\t\t\t\t\t<h1 class=\"elementor-heading-title elementor-size-default\">feuerwerk-an-silvester-2021<\/h1>\t\t\t\t<\/div>\n\t\t\t\t<\/div>\n\t\t\t\t\t<\/div>\n\t\t<\/div>\n\t\t\t\t\t<\/div>\n\t\t<\/section>\n\t\t\t\t<section class=\"elementor-section elementor-top-section elementor-element elementor-element-31f8e03 elementor-section-boxed elementor-section-height-default elementor-section-height-default\" data-id=\"31f8e03\" data-element_type=\"section\" data-e-type=\"section\">\n\t\t\t\t\t\t<div class=\"elementor-container elementor-column-gap-default\">\n\t\t\t\t\t<div class=\"elementor-column elementor-col-100 elementor-top-column elementor-element elementor-element-180863f\" data-id=\"180863f\" data-element_type=\"column\" data-e-type=\"column\">\n\t\t\t<div class=\"elementor-widget-wrap elementor-element-populated\">\n\t\t\t\t\t\t<div class=\"elementor-element elementor-element-17034e7 elementor-widget elementor-widget-text-editor\" data-id=\"17034e7\" data-element_type=\"widget\" data-e-type=\"widget\" data-widget_type=\"text-editor.default\">\n\t\t\t\t<div class=\"elementor-widget-container\">\n\t\t\t\t\t\t\t\t\t<p>Herzlich willkommen zur Jan Reichenbach Show \u2013 zur Jan Reichenbach Show. Hier geht es um unterschiedliche Themen wie zum Beispiel Gesundheit, Gesundheit, Politik, Politik, Sport, Sport, Technik, Technik und Umwelt. Und nun viel Spa\u00df mit der heutigen Folge!<\/p>\t\t\t\t\t\t\t\t<\/div>\n\t\t\t\t<\/div>\n\t\t\t\t\t<\/div>\n\t\t<\/div>\n\t\t\t\t\t<\/div>\n\t\t<\/section>\n\t\t\t\t<section class=\"elementor-section elementor-top-section elementor-element elementor-element-184a9da elementor-section-boxed elementor-section-height-default elementor-section-height-default\" data-id=\"184a9da\" data-element_type=\"section\" data-e-type=\"section\">\n\t\t\t\t\t\t<div class=\"elementor-container elementor-column-gap-default\">\n\t\t\t\t\t<div class=\"elementor-column elementor-col-100 elementor-top-column elementor-element elementor-element-9992c4b\" data-id=\"9992c4b\" data-element_type=\"column\" data-e-type=\"column\">\n\t\t\t<div class=\"elementor-widget-wrap elementor-element-populated\">\n\t\t\t\t\t\t<div class=\"elementor-element elementor-element-cfd2a49 elementor-widget elementor-widget-heading\" data-id=\"cfd2a49\" data-element_type=\"widget\" data-e-type=\"widget\" data-widget_type=\"heading.default\">\n\t\t\t\t<div class=\"elementor-widget-container\">\n\t\t\t\t\t<h2 class=\"elementor-heading-title elementor-size-default\">feuerwerk-an-silvester-2021 - Interview Auszug mit Stefan Reichenbach<\/h2>\t\t\t\t<\/div>\n\t\t\t\t<\/div>\n\t\t\t\t\t<\/div>\n\t\t<\/div>\n\t\t\t\t\t<\/div>\n\t\t<\/section>\n\t\t\t\t<section class=\"elementor-section elementor-top-section elementor-element elementor-element-bf2403d elementor-section-boxed elementor-section-height-default elementor-section-height-default\" data-id=\"bf2403d\" data-element_type=\"section\" data-e-type=\"section\">\n\t\t\t\t\t\t<div class=\"elementor-container elementor-column-gap-default\">\n\t\t\t\t\t<div class=\"elementor-column elementor-col-100 elementor-top-column elementor-element elementor-element-58ea6c5\" data-id=\"58ea6c5\" data-element_type=\"column\" data-e-type=\"column\">\n\t\t\t<div class=\"elementor-widget-wrap elementor-element-populated\">\n\t\t\t\t\t\t<div class=\"elementor-element elementor-element-b37d76a elementor-widget elementor-widget-text-editor\" data-id=\"b37d76a\" data-element_type=\"widget\" data-e-type=\"widget\" data-widget_type=\"text-editor.default\">\n\t\t\t\t<div class=\"elementor-widget-container\">\n\t\t\t\t\t\t\t\t\t<p><em><strong>Jan Reichenbach:<\/strong><\/em> Ja, herzlich willkommen! Mein Name ist Jan Reichenbach. Ich hei\u00dfe dich herzlich willkommen zu meiner neuen Show. Heutiger Gast ist mein Bruder und ich w\u00fcrde sagen Stefan, stell dich doch bitte mal kurz vor!<\/p><p><em><strong>Stefan Reichenbach:<\/strong><\/em> Ja hallo, wie schon erw\u00e4hnt, ich bin der Stefan, Bruder von Jan. Ich bin verheiratet, komme aus N\u00fcrnberg und bin 40 Jahre alt. Meine Leidenschaft ist jetzt aktuell zur Jahreszeit und ich glaube, das wird dann Jan noch noch mal erkl\u00e4ren &#8211; aktuell Feuerwerk also, sprich Pyrotechnik. Ja, ich sag mal, mein Hobby ist Pyrotechnik.<\/p>\t\t\t\t\t\t\t\t<\/div>\n\t\t\t\t<\/div>\n\t\t\t\t\t<\/div>\n\t\t<\/div>\n\t\t\t\t\t<\/div>\n\t\t<\/section>\n\t\t\t\t<section class=\"elementor-section elementor-top-section elementor-element elementor-element-90b64d5 elementor-section-boxed elementor-section-height-default elementor-section-height-default\" data-id=\"90b64d5\" data-element_type=\"section\" data-e-type=\"section\">\n\t\t\t\t\t\t<div class=\"elementor-container elementor-column-gap-default\">\n\t\t\t\t\t<div class=\"elementor-column elementor-col-100 elementor-top-column elementor-element elementor-element-f3c79a4\" data-id=\"f3c79a4\" data-element_type=\"column\" data-e-type=\"column\">\n\t\t\t<div class=\"elementor-widget-wrap elementor-element-populated\">\n\t\t\t\t\t\t<div class=\"elementor-element elementor-element-430f944 elementor-widget elementor-widget-heading\" data-id=\"430f944\" data-element_type=\"widget\" data-e-type=\"widget\" data-widget_type=\"heading.default\">\n\t\t\t\t<div class=\"elementor-widget-container\">\n\t\t\t\t\t<h2 class=\"elementor-heading-title elementor-size-default\">feuerwerk-an-silvester-2021: Kommt ein Feuerwerksverbot und wenn ja, was dann?<\/h2>\t\t\t\t<\/div>\n\t\t\t\t<\/div>\n\t\t\t\t\t<\/div>\n\t\t<\/div>\n\t\t\t\t\t<\/div>\n\t\t<\/section>\n\t\t\t\t<section class=\"elementor-section elementor-top-section elementor-element elementor-element-c41a7f4 elementor-section-boxed elementor-section-height-default elementor-section-height-default\" data-id=\"c41a7f4\" data-element_type=\"section\" data-e-type=\"section\">\n\t\t\t\t\t\t<div class=\"elementor-container elementor-column-gap-default\">\n\t\t\t\t\t<div class=\"elementor-column elementor-col-100 elementor-top-column elementor-element elementor-element-fbfb71a\" data-id=\"fbfb71a\" data-element_type=\"column\" data-e-type=\"column\">\n\t\t\t<div class=\"elementor-widget-wrap elementor-element-populated\">\n\t\t\t\t\t\t<div class=\"elementor-element elementor-element-a73ed13 elementor-widget elementor-widget-text-editor\" data-id=\"a73ed13\" data-element_type=\"widget\" data-e-type=\"widget\" data-widget_type=\"text-editor.default\">\n\t\t\t\t<div class=\"elementor-widget-container\">\n\t\t\t\t\t\t\t\t\t<p><em><strong>Jan Reichenbach:<\/strong><\/em> Genau und ich habe ganz vergessen, das Thema der heutigen Podcastfolge zu nennen und zwar Feuerwerk. an Silvester &#8211; gibt es wieder ein Verbot Ja oder Nein? Und was spricht daf\u00fcr und was spricht dagegen? Stefan, jetzt mal ganz ehrlich, Was w\u00fcrdest du dazu sagen, wenn die Ampelkoalition sagt: Feuerwerk ist dieses Jahr nicht erlaubt<\/p><p><em><strong>Stefan Reichenbach:<\/strong><\/em> Ja, also grunds\u00e4tzlich w\u00e4re ich nat\u00fcrlich schon sehr entt\u00e4uscht, aber auch letztes Jahr, wo es dann eben aufgrund der pandemischen Lage eben zu diesen Kontakt Beschr\u00e4nkungen eben kam und wir keins oder nur teilweise eben. Also ich w\u00fcrde mich damit abfinden. Ganz klar w\u00fcrde da auch jetzt Sicherheit schon versuchen, in der Anfrage auch vielleicht bei der Gemeinde vor Ort zu machen. Das hatte ich letztes Jahr auch schon getan, ich bin nicht durchgekommen, ich w\u00fcrde jetzt eine Genehmigung in dem Sinn oder einen Rechtsstreit w\u00fcrde ich jetzt nicht machen, Ich w\u00fcrde letztendlich w\u00fcrde ich es hinnehmen, aber ich w\u00fcrde mich sehr \u00e4rgern, w\u00e4re nat\u00fcrlich entt\u00e4uscht.<\/p>\t\t\t\t\t\t\t\t<\/div>\n\t\t\t\t<\/div>\n\t\t\t\t\t<\/div>\n\t\t<\/div>\n\t\t\t\t\t<\/div>\n\t\t<\/section>\n\t\t\t\t<section class=\"elementor-section elementor-top-section elementor-element elementor-element-dae0be4 elementor-section-boxed elementor-section-height-default elementor-section-height-default\" data-id=\"dae0be4\" data-element_type=\"section\" data-e-type=\"section\">\n\t\t\t\t\t\t<div class=\"elementor-container elementor-column-gap-default\">\n\t\t\t\t\t<div class=\"elementor-column elementor-col-100 elementor-top-column elementor-element elementor-element-fe68d85\" data-id=\"fe68d85\" data-element_type=\"column\" data-e-type=\"column\">\n\t\t\t<div class=\"elementor-widget-wrap elementor-element-populated\">\n\t\t\t\t\t\t<div class=\"elementor-element elementor-element-b58fa32 elementor-widget elementor-widget-heading\" data-id=\"b58fa32\" data-element_type=\"widget\" data-e-type=\"widget\" data-widget_type=\"heading.default\">\n\t\t\t\t<div class=\"elementor-widget-container\">\n\t\t\t\t\t<h2 class=\"elementor-heading-title elementor-size-default\">feuerwerk-an-silvester-2021 - Ist ein Feuerwerk am Land vorstellbar, also au\u00dferhalb der Gro\u00dfst\u00e4dte?<\/h2>\t\t\t\t<\/div>\n\t\t\t\t<\/div>\n\t\t\t\t\t<\/div>\n\t\t<\/div>\n\t\t\t\t\t<\/div>\n\t\t<\/section>\n\t\t\t\t<section class=\"elementor-section elementor-top-section elementor-element elementor-element-68f0271 elementor-section-boxed elementor-section-height-default elementor-section-height-default\" data-id=\"68f0271\" data-element_type=\"section\" data-e-type=\"section\">\n\t\t\t\t\t\t<div class=\"elementor-container elementor-column-gap-default\">\n\t\t\t\t\t<div class=\"elementor-column elementor-col-100 elementor-top-column elementor-element elementor-element-5179df3\" data-id=\"5179df3\" data-element_type=\"column\" data-e-type=\"column\">\n\t\t\t<div class=\"elementor-widget-wrap elementor-element-populated\">\n\t\t\t\t\t\t<div class=\"elementor-element elementor-element-e8f5a3a elementor-widget elementor-widget-text-editor\" data-id=\"e8f5a3a\" data-element_type=\"widget\" data-e-type=\"widget\" data-widget_type=\"text-editor.default\">\n\t\t\t\t<div class=\"elementor-widget-container\">\n\t\t\t\t\t\t\t\t\t<p><em><strong>Jan Reichenbach:<\/strong><\/em> Okay, aber jetzt ist es durchaus vorstellbar, dass die Sagen in den Gro\u00dfst\u00e4dten f\u00fcr die Privatleute ist, also in den St\u00e4dten ist Feuerwerks Verbot und kannst du dir vorstellen, dass es am Land, also in D\u00f6rfern, vielleicht dann doch erlaubt es, weil die vielleicht gar nicht das Problem jetzt wie in den Gro\u00dfst\u00e4dten haben?<\/p><p><em><strong>Stefan Reichenbach:<\/strong><\/em> Ja, das ist meine Hoffnung letztendlich auch Deswegen werde ich auch dieses Jahr Silvester nicht in N\u00fcrnberg, sondern eben auch im N\u00fcrnberger Land am Stadtrand verbringen. Aktuell unser B\u00fcrgermeister von N\u00fcrnberg der ist ja gegen Feuerwerk. Er hat es auch jetzt schon angek\u00fcndigt Er ist f\u00fcr Feuerwerksverbot, so wie es letztes Jahr auch schon war. Er hat auch heftige Kritik teilweise bekommen \u00fcber social media. Dem habe ich mich aber jetzt nicht angeschlossen. Also wie schon gesagt, meine Hoffnung ist es eben, dass man wirklich vielleicht Alternativen und Kompromisse findet, so dass es vielleicht eben nur ein teilweises Feuerwerksverbot gibt und eben stattfinden wird.<\/p>\t\t\t\t\t\t\t\t<\/div>\n\t\t\t\t<\/div>\n\t\t\t\t\t<\/div>\n\t\t<\/div>\n\t\t\t\t\t<\/div>\n\t\t<\/section>\n\t\t\t\t<section class=\"elementor-section elementor-top-section elementor-element elementor-element-828ab91 elementor-section-boxed elementor-section-height-default elementor-section-height-default\" data-id=\"828ab91\" data-element_type=\"section\" data-e-type=\"section\">\n\t\t\t\t\t\t<div class=\"elementor-container elementor-column-gap-default\">\n\t\t\t\t\t<div class=\"elementor-column elementor-col-100 elementor-top-column elementor-element elementor-element-8f53fe5\" data-id=\"8f53fe5\" data-element_type=\"column\" data-e-type=\"column\">\n\t\t\t<div class=\"elementor-widget-wrap elementor-element-populated\">\n\t\t\t\t\t\t<div class=\"elementor-element elementor-element-b9cc696 elementor-widget elementor-widget-heading\" data-id=\"b9cc696\" data-element_type=\"widget\" data-e-type=\"widget\" data-widget_type=\"heading.default\">\n\t\t\t\t<div class=\"elementor-widget-container\">\n\t\t\t\t\t<h2 class=\"elementor-heading-title elementor-size-default\">feuerwerk-an-silvester-2021 - Ist dann ein Feuerwerksverbot f\u00fcr dich in Ordnung?<\/h2>\t\t\t\t<\/div>\n\t\t\t\t<\/div>\n\t\t\t\t\t<\/div>\n\t\t<\/div>\n\t\t\t\t\t<\/div>\n\t\t<\/section>\n\t\t\t\t<section class=\"elementor-section elementor-top-section elementor-element elementor-element-1a10f45 elementor-section-boxed elementor-section-height-default elementor-section-height-default\" data-id=\"1a10f45\" data-element_type=\"section\" data-e-type=\"section\">\n\t\t\t\t\t\t<div class=\"elementor-container elementor-column-gap-default\">\n\t\t\t\t\t<div class=\"elementor-column elementor-col-100 elementor-top-column elementor-element elementor-element-c7a534c\" data-id=\"c7a534c\" data-element_type=\"column\" data-e-type=\"column\">\n\t\t\t<div class=\"elementor-widget-wrap elementor-element-populated\">\n\t\t\t\t\t\t<div class=\"elementor-element elementor-element-fbf7d64 elementor-widget elementor-widget-text-editor\" data-id=\"fbf7d64\" data-element_type=\"widget\" data-e-type=\"widget\" data-widget_type=\"text-editor.default\">\n\t\t\t\t<div class=\"elementor-widget-container\">\n\t\t\t\t\t\t\t\t\t<p><em><strong>Jan Reichenbach:<\/strong><\/em> Ok also, das hei\u00dft mit anderen Worten Wenn beispielsweise an zugewiesenen Pl\u00e4tzen es m\u00f6glich wer Feuerwerk zu z\u00fcnden, dann w\u00e4r das f\u00fcr dich in Ordnung. Es w\u00e4re aber auch gleichzeitig f\u00fcr dich in Ordnung, dass es eben an \u00f6ffentlichen Pl\u00e4tzen in Gro\u00dfst\u00e4dten wie jetzt beispielsweise N\u00fcrnberg oder M\u00fcnchen oder auch Berlin, prinzipiell verboten ist.<\/p><p><em><strong>Stefan Reichenbach:<\/strong><\/em> Also ich denke, das ist ja die letzten Jahre immer wieder gewesen, auch vor der Pandemie eben. Feuerwerksverbot in den Innenst\u00e4dten erteilt Und ich muss auch klipp und klar sagen Da bin ich daf\u00fcr, und ich bin auch nicht nur f\u00fcr Feuerwerksverbote in den Innenst\u00e4dten, sondern eben halt da, wo viele Menschen Ansammlungen sind, wo das Ganze nicht mehr \u00fcberschaubar ist.<\/p>\t\t\t\t\t\t\t\t<\/div>\n\t\t\t\t<\/div>\n\t\t\t\t\t<\/div>\n\t\t<\/div>\n\t\t\t\t\t<\/div>\n\t\t<\/section>\n\t\t\t\t<section class=\"elementor-section elementor-top-section elementor-element elementor-element-00b500d elementor-section-boxed elementor-section-height-default elementor-section-height-default\" data-id=\"00b500d\" data-element_type=\"section\" data-e-type=\"section\">\n\t\t\t\t\t\t<div class=\"elementor-container elementor-column-gap-default\">\n\t\t\t\t\t<div class=\"elementor-column elementor-col-100 elementor-top-column elementor-element elementor-element-5637021\" data-id=\"5637021\" data-element_type=\"column\" data-e-type=\"column\">\n\t\t\t<div class=\"elementor-widget-wrap elementor-element-populated\">\n\t\t\t\t\t\t<div class=\"elementor-element elementor-element-0bd4607 elementor-widget elementor-widget-heading\" data-id=\"0bd4607\" data-element_type=\"widget\" data-e-type=\"widget\" data-widget_type=\"heading.default\">\n\t\t\t\t<div class=\"elementor-widget-container\">\n\t\t\t\t\t<h2 class=\"elementor-heading-title elementor-size-default\">feuerwerk-an-silvester-2021 - neugierig geworden?<\/h2>\t\t\t\t<\/div>\n\t\t\t\t<\/div>\n\t\t\t\t\t<\/div>\n\t\t<\/div>\n\t\t\t\t\t<\/div>\n\t\t<\/section>\n\t\t\t\t<section class=\"elementor-section elementor-top-section elementor-element elementor-element-91e6653 elementor-section-boxed elementor-section-height-default elementor-section-height-default\" data-id=\"91e6653\" data-element_type=\"section\" data-e-type=\"section\">\n\t\t\t\t\t\t<div class=\"elementor-container elementor-column-gap-default\">\n\t\t\t\t\t<div class=\"elementor-column elementor-col-100 elementor-top-column elementor-element elementor-element-6ef1b57\" data-id=\"6ef1b57\" data-element_type=\"column\" data-e-type=\"column\">\n\t\t\t<div class=\"elementor-widget-wrap elementor-element-populated\">\n\t\t\t\t\t\t<div class=\"elementor-element elementor-element-6edcad2 elementor-widget elementor-widget-text-editor\" data-id=\"6edcad2\" data-element_type=\"widget\" data-e-type=\"widget\" data-widget_type=\"text-editor.default\">\n\t\t\t\t<div class=\"elementor-widget-container\">\n\t\t\t\t\t\t\t\t\t<p>Dann h\u00f6re dir doch jetzt die komplette Podcastfolge an!<\/p>\t\t\t\t\t\t\t\t<\/div>\n\t\t\t\t<\/div>\n\t\t\t\t\t<\/div>\n\t\t<\/div>\n\t\t\t\t\t<\/div>\n\t\t<\/section>\n\t\t\t\t<section class=\"elementor-section elementor-top-section elementor-element elementor-element-55771a5 elementor-section-boxed elementor-section-height-default elementor-section-height-default\" data-id=\"55771a5\" data-element_type=\"section\" data-e-type=\"section\">\n\t\t\t\t\t\t<div class=\"elementor-container elementor-column-gap-default\">\n\t\t\t\t\t<div class=\"elementor-column elementor-col-100 elementor-top-column elementor-element elementor-element-a9a1c2d\" data-id=\"a9a1c2d\" data-element_type=\"column\" data-e-type=\"column\">\n\t\t\t<div class=\"elementor-widget-wrap elementor-element-populated\">\n\t\t\t\t\t\t<div class=\"elementor-element elementor-element-ca75126 elementor-widget elementor-widget-html\" data-id=\"ca75126\" data-element_type=\"widget\" data-e-type=\"widget\" data-widget_type=\"html.default\">\n\t\t\t\t<div class=\"elementor-widget-container\">\n\t\t\t\t\t<div class=\"podcastdotco-wrapper\"><iframe data-target=\"janreichenbach-de\/interview-mit-einem-hobby-pyrotechniker-ist-ein-feuerwerk-an-silvester-erlaubt-und-wie-kann-das-aussehen\" src=\"https:\/\/play.pod.co\/janreichenbach-de\/interview-mit-einem-hobby-pyrotechniker-ist-ein-feuerwerk-an-silvester-erlaubt-und-wie-kann-das-aussehen\"frameborder=\"0\" width=\"100%\" scrolling=\"no\" style=\"overflow:hidden;max-width:750px;height:160px;\"class=\"podcastdotco-player podcastdotco-player--episode\"><\/iframe><script src=\"https:\/\/play.pod.co\/embed\/frame-v1.js\"><\/script><\/div>\t\t\t\t<\/div>\n\t\t\t\t<\/div>\n\t\t\t\t\t<\/div>\n\t\t<\/div>\n\t\t\t\t\t<\/div>\n\t\t<\/section>\n\t\t\t\t<section class=\"elementor-section elementor-top-section elementor-element elementor-element-0a73898 elementor-section-boxed elementor-section-height-default elementor-section-height-default\" data-id=\"0a73898\" data-element_type=\"section\" data-e-type=\"section\">\n\t\t\t\t\t\t<div class=\"elementor-container elementor-column-gap-default\">\n\t\t\t\t\t<div class=\"elementor-column elementor-col-100 elementor-top-column elementor-element elementor-element-4512d82\" data-id=\"4512d82\" data-element_type=\"column\" data-e-type=\"column\">\n\t\t\t<div class=\"elementor-widget-wrap elementor-element-populated\">\n\t\t\t\t\t\t<div class=\"elementor-element elementor-element-7770b87 elementor-widget elementor-widget-heading\" data-id=\"7770b87\" data-element_type=\"widget\" data-e-type=\"widget\" data-widget_type=\"heading.default\">\n\t\t\t\t<div class=\"elementor-widget-container\">\n\t\t\t\t\t<h2 class=\"elementor-heading-title elementor-size-default\">Danke!<\/h2>\t\t\t\t<\/div>\n\t\t\t\t<\/div>\n\t\t\t\t\t<\/div>\n\t\t<\/div>\n\t\t\t\t\t<\/div>\n\t\t<\/section>\n\t\t\t\t<section class=\"elementor-section elementor-top-section elementor-element elementor-element-2893813 elementor-section-boxed elementor-section-height-default elementor-section-height-default\" data-id=\"2893813\" data-element_type=\"section\" data-e-type=\"section\">\n\t\t\t\t\t\t<div class=\"elementor-container elementor-column-gap-default\">\n\t\t\t\t\t<div class=\"elementor-column elementor-col-100 elementor-top-column elementor-element elementor-element-dba3987\" data-id=\"dba3987\" data-element_type=\"column\" data-e-type=\"column\">\n\t\t\t<div class=\"elementor-widget-wrap elementor-element-populated\">\n\t\t\t\t\t\t<div class=\"elementor-element elementor-element-f126ca0 elementor-widget elementor-widget-text-editor\" data-id=\"f126ca0\" data-element_type=\"widget\" data-e-type=\"widget\" data-widget_type=\"text-editor.default\">\n\t\t\t\t<div class=\"elementor-widget-container\">\n\t\t\t\t\t\t\t\t\t<p><strong>Show-Opener erstellt von:\u00a0<\/strong><br \/><a title=\"https:\/\/www.webradiojingles24.de\/\" href=\"https:\/\/www.webradiojingles24.de\/\" target=\"_blank\" rel=\"noopener nofollow\">https:\/\/www.webradiojingles24.de\/<\/a><\/p><p><strong>Musik am Ende des Podcast von:<\/strong><br \/><a title=\"https:\/\/audioflow.app\/\" href=\"https:\/\/audioflow.app\/\" target=\"_blank\" rel=\"noopener nofollow\">https:\/\/audioflow.app\/<\/a><\/p><p><strong>Genannte Feuerwerksfirma:<\/strong><br \/><a title=\"https:\/\/shop.roeder-feuerwerk.de\/\" href=\"https:\/\/shop.roeder-feuerwerk.de\/\" target=\"_blank\" rel=\"noopener nofollow\">https:\/\/shop.roeder-feuerwerk.de\/<\/a><\/p>\t\t\t\t\t\t\t\t<\/div>\n\t\t\t\t<\/div>\n\t\t\t\t\t<\/div>\n\t\t<\/div>\n\t\t\t\t\t<\/div>\n\t\t<\/section>\n\t\t\t\t<section class=\"elementor-section elementor-top-section elementor-element elementor-element-3aa3746 elementor-section-boxed elementor-section-height-default elementor-section-height-default\" data-id=\"3aa3746\" data-element_type=\"section\" data-e-type=\"section\">\n\t\t\t\t\t\t<div class=\"elementor-container elementor-column-gap-default\">\n\t\t\t\t\t<div class=\"elementor-column elementor-col-100 elementor-top-column elementor-element elementor-element-9c71b76\" data-id=\"9c71b76\" data-element_type=\"column\" data-e-type=\"column\">\n\t\t\t<div class=\"elementor-widget-wrap elementor-element-populated\">\n\t\t\t\t\t\t<div class=\"elementor-element elementor-element-c37a72c elementor-widget elementor-widget-heading\" data-id=\"c37a72c\" data-element_type=\"widget\" data-e-type=\"widget\" data-widget_type=\"heading.default\">\n\t\t\t\t<div class=\"elementor-widget-container\">\n\t\t\t\t\t<h2 class=\"elementor-heading-title elementor-size-default\">Frohe Weihnachten und einen guten Rutsch nach 2022!<\/h2>\t\t\t\t<\/div>\n\t\t\t\t<\/div>\n\t\t\t\t\t<\/div>\n\t\t<\/div>\n\t\t\t\t\t<\/div>\n\t\t<\/section>\n\t\t\t\t<section class=\"elementor-section elementor-top-section elementor-element elementor-element-55501a1 elementor-section-boxed elementor-section-height-default elementor-section-height-default\" data-id=\"55501a1\" data-element_type=\"section\" data-e-type=\"section\">\n\t\t\t\t\t\t<div class=\"elementor-container elementor-column-gap-default\">\n\t\t\t\t\t<div class=\"elementor-column elementor-col-100 elementor-top-column elementor-element elementor-element-6e8545f\" data-id=\"6e8545f\" data-element_type=\"column\" data-e-type=\"column\">\n\t\t\t<div class=\"elementor-widget-wrap elementor-element-populated\">\n\t\t\t\t\t\t<div class=\"elementor-element elementor-element-e05339b elementor-widget elementor-widget-image\" data-id=\"e05339b\" data-element_type=\"widget\" data-e-type=\"widget\" data-widget_type=\"image.default\">\n\t\t\t\t<div class=\"elementor-widget-container\">\n\t\t\t\t\t\t\t\t\t\t\t\t\t\t\t<img fetchpriority=\"high\" decoding=\"async\" width=\"300\" height=\"225\" src=\"https:\/\/janreichenbach.de\/blog\/wp-content\/uploads\/2021\/11\/JanReichenbach.de0303-768x576-1-300x225.jpg\" class=\"attachment-medium size-medium wp-image-3760\" alt=\"Start: Jan Reichenbach\" \/>\t\t\t\t\t\t\t\t\t\t\t\t\t\t\t<\/div>\n\t\t\t\t<\/div>\n\t\t\t\t\t<\/div>\n\t\t<\/div>\n\t\t\t\t\t<\/div>\n\t\t<\/section>\n\t\t\t\t<section class=\"elementor-section elementor-top-section elementor-element elementor-element-4646906 elementor-section-boxed elementor-section-height-default elementor-section-height-default\" data-id=\"4646906\" data-element_type=\"section\" data-e-type=\"section\">\n\t\t\t\t\t\t<div class=\"elementor-container elementor-column-gap-default\">\n\t\t\t\t\t<div class=\"elementor-column elementor-col-100 elementor-top-column elementor-element elementor-element-4b11f32\" data-id=\"4b11f32\" data-element_type=\"column\" data-e-type=\"column\">\n\t\t\t<div class=\"elementor-widget-wrap elementor-element-populated\">\n\t\t\t\t\t\t<div class=\"elementor-element elementor-element-c0320f9 elementor-widget elementor-widget-heading\" data-id=\"c0320f9\" data-element_type=\"widget\" data-e-type=\"widget\" data-widget_type=\"heading.default\">\n\t\t\t\t<div class=\"elementor-widget-container\">\n\t\t\t\t\t<h2 class=\"elementor-heading-title elementor-size-default\">feuerwerk-an-silvester-2021 - das k\u00f6nnte dich auch interessieren!<\/h2>\t\t\t\t<\/div>\n\t\t\t\t<\/div>\n\t\t\t\t\t<\/div>\n\t\t<\/div>\n\t\t\t\t\t<\/div>\n\t\t<\/section>\n\t\t\t\t<section class=\"elementor-section elementor-top-section elementor-element elementor-element-3657c51 elementor-section-boxed elementor-section-height-default elementor-section-height-default\" data-id=\"3657c51\" data-element_type=\"section\" data-e-type=\"section\">\n\t\t\t\t\t\t<div class=\"elementor-container elementor-column-gap-default\">\n\t\t\t\t\t<div class=\"elementor-column elementor-col-100 elementor-top-column elementor-element elementor-element-9b2dabc\" data-id=\"9b2dabc\" data-element_type=\"column\" data-e-type=\"column\">\n\t\t\t<div class=\"elementor-widget-wrap elementor-element-populated\">\n\t\t\t\t\t\t<div class=\"elementor-element elementor-element-b99a862 elementor-widget elementor-widget-text-editor\" data-id=\"b99a862\" data-element_type=\"widget\" data-e-type=\"widget\" data-widget_type=\"text-editor.default\">\n\t\t\t\t<div class=\"elementor-widget-container\">\n\t\t\t\t\t\t\t\t\t<p><a href=\"https:\/\/janreichenbach.de\/blog\/3-mediatheken-highlights\/\">3-mediatheken-highlights &#8211; Nur angewandtes Wissen ist Macht! (janreichenbach.de)<\/a><\/p>\t\t\t\t\t\t\t\t<\/div>\n\t\t\t\t<\/div>\n\t\t\t\t\t<\/div>\n\t\t<\/div>\n\t\t\t\t\t<\/div>\n\t\t<\/section>\n\t\t\t\t<\/div>\n\t\t","protected":false},"excerpt":{"rendered":"<p>Interview mit einem Hobby-Pyrotechniker &#8211; ist ein Feuerwerk an Silvester erlaubt und wie kann das aussehen?<\/p>\n<p>Heute gibt es mein erstes Podcast-Interview. Ich habe meinen Bruder Stefan Reichenbach, der ein Hobby-Pyrotechniker ist, zum Feuerwerk an Silvester interviewt. Ob das erlaubt ist und wie so was aussehen kann?<\/p>\n","protected":false},"author":1,"featured_media":3783,"comment_status":"open","ping_status":"open","sticky":false,"template":"","format":"standard","meta":{"footnotes":""},"categories":[545],"tags":[],"class_list":["post-3771","post","type-post","status-publish","format-standard","has-post-thumbnail","hentry","category-freizeit-kultur-medien","infinite-scroll-item"],"_links":{"self":[{"href":"https:\/\/janreichenbach.de\/blog\/wp-json\/wp\/v2\/posts\/3771","targetHints":{"allow":["GET"]}}],"collection":[{"href":"https:\/\/janreichenbach.de\/blog\/wp-json\/wp\/v2\/posts"}],"about":[{"href":"https:\/\/janreichenbach.de\/blog\/wp-json\/wp\/v2\/types\/post"}],"author":[{"embeddable":true,"href":"https:\/\/janreichenbach.de\/blog\/wp-json\/wp\/v2\/users\/1"}],"replies":[{"embeddable":true,"href":"https:\/\/janreichenbach.de\/blog\/wp-json\/wp\/v2\/comments?post=3771"}],"version-history":[{"count":82,"href":"https:\/\/janreichenbach.de\/blog\/wp-json\/wp\/v2\/posts\/3771\/revisions"}],"predecessor-version":[{"id":3857,"href":"https:\/\/janreichenbach.de\/blog\/wp-json\/wp\/v2\/posts\/3771\/revisions\/3857"}],"wp:featuredmedia":[{"embeddable":true,"href":"https:\/\/janreichenbach.de\/blog\/wp-json\/wp\/v2\/media\/3783"}],"wp:attachment":[{"href":"https:\/\/janreichenbach.de\/blog\/wp-json\/wp\/v2\/media?parent=3771"}],"wp:term":[{"taxonomy":"category","embeddable":true,"href":"https:\/\/janreichenbach.de\/blog\/wp-json\/wp\/v2\/categories?post=3771"},{"taxonomy":"post_tag","embeddable":true,"href":"https:\/\/janreichenbach.de\/blog\/wp-json\/wp\/v2\/tags?post=3771"}],"curies":[{"name":"wp","href":"https:\/\/api.w.org\/{rel}","templated":true}]}}