{"id":6980,"date":"2024-11-13T11:28:35","date_gmt":"2024-11-13T10:28:35","guid":{"rendered":"https:\/\/janreichenbach.de\/blog\/?p=6980"},"modified":"2024-11-22T10:18:48","modified_gmt":"2024-11-22T09:18:48","slug":"3-streaming-anbieter-im-vergleich-amazon-versus-netflix-versus-rtlplus","status":"publish","type":"post","link":"https:\/\/janreichenbach.de\/blog\/3-streaming-anbieter-im-vergleich-amazon-versus-netflix-versus-rtlplus\/","title":{"rendered":"3 Streaming Anbieter im Vergleich &#8211; Amazon versus Netflix versus RTLplus"},"content":{"rendered":"\t\t<div data-elementor-type=\"wp-post\" data-elementor-id=\"6980\" class=\"elementor elementor-6980\" data-elementor-post-type=\"post\">\n\t\t\t\t\t\t<section class=\"elementor-section elementor-top-section elementor-element elementor-element-ab56f94 elementor-section-boxed elementor-section-height-default elementor-section-height-default\" data-id=\"ab56f94\" data-element_type=\"section\" data-e-type=\"section\">\n\t\t\t\t\t\t<div class=\"elementor-container elementor-column-gap-default\">\n\t\t\t\t\t<div class=\"elementor-column elementor-col-100 elementor-top-column elementor-element elementor-element-f0547b7\" data-id=\"f0547b7\" data-element_type=\"column\" data-e-type=\"column\">\n\t\t\t<div class=\"elementor-widget-wrap elementor-element-populated\">\n\t\t\t\t\t\t<div class=\"elementor-element elementor-element-6844741 elementor-widget elementor-widget-heading\" data-id=\"6844741\" data-element_type=\"widget\" data-e-type=\"widget\" data-widget_type=\"heading.default\">\n\t\t\t\t<div class=\"elementor-widget-container\">\n\t\t\t\t\t<h1 class=\"elementor-heading-title elementor-size-default\">3 Streaming Anbieter im Vergleich \u2013 Amazon versus Netflix versus RTLplus<\/h1>\t\t\t\t<\/div>\n\t\t\t\t<\/div>\n\t\t\t\t\t<\/div>\n\t\t<\/div>\n\t\t\t\t\t<\/div>\n\t\t<\/section>\n\t\t\t\t<section class=\"elementor-section elementor-top-section elementor-element elementor-element-0d68d83 elementor-section-boxed elementor-section-height-default elementor-section-height-default\" data-id=\"0d68d83\" data-element_type=\"section\" data-e-type=\"section\">\n\t\t\t\t\t\t<div class=\"elementor-container elementor-column-gap-default\">\n\t\t\t\t\t<div class=\"elementor-column elementor-col-100 elementor-top-column elementor-element elementor-element-b34beb5\" data-id=\"b34beb5\" data-element_type=\"column\" data-e-type=\"column\">\n\t\t\t<div class=\"elementor-widget-wrap elementor-element-populated\">\n\t\t\t\t\t\t<div class=\"elementor-element elementor-element-c41c50c elementor-widget elementor-widget-html\" data-id=\"c41c50c\" data-element_type=\"widget\" data-e-type=\"widget\" data-widget_type=\"html.default\">\n\t\t\t\t<div class=\"elementor-widget-container\">\n\t\t\t\t\t<div class=\"podcastdotco-wrapper\"><iframe data-target=\"janreichenbach-de\/3-streaming-anbieter-im-vergleich-amazon-versus-netflix-versus-rtlplus\" src=\"https:\/\/play.pod.co\/janreichenbach-de\/3-streaming-anbieter-im-vergleich-amazon-versus-netflix-versus-rtlplus\" frameborder=\"0\" width=\"100%\" scrolling=\"no\" style=\"overflow:hidden;max-width:750px;height:160px;\"class=\"podcastdotco-player podcastdotco-player--episode\"><\/iframe><script src=\"https:\/\/play.pod.co\/embed\/frame-v1.js\"><\/script><\/div>\t\t\t\t<\/div>\n\t\t\t\t<\/div>\n\t\t\t\t\t<\/div>\n\t\t<\/div>\n\t\t\t\t\t<\/div>\n\t\t<\/section>\n\t\t\t\t<section class=\"elementor-section elementor-top-section elementor-element elementor-element-b7b2a55 elementor-section-boxed elementor-section-height-default elementor-section-height-default\" data-id=\"b7b2a55\" data-element_type=\"section\" data-e-type=\"section\">\n\t\t\t\t\t\t<div class=\"elementor-container elementor-column-gap-default\">\n\t\t\t\t\t<div class=\"elementor-column elementor-col-100 elementor-top-column elementor-element elementor-element-a147cb4\" data-id=\"a147cb4\" data-element_type=\"column\" data-e-type=\"column\">\n\t\t\t<div class=\"elementor-widget-wrap elementor-element-populated\">\n\t\t\t\t\t\t<div class=\"elementor-element elementor-element-497e0ac elementor-widget elementor-widget-heading\" data-id=\"497e0ac\" data-element_type=\"widget\" data-e-type=\"widget\" data-widget_type=\"heading.default\">\n\t\t\t\t<div class=\"elementor-widget-container\">\n\t\t\t\t\t<h2 class=\"elementor-heading-title elementor-size-default\">3 Streaming Anbieter im Vergleich \u2013 Amazon versus Netflix versus RTLplus - Um was geht es heute?<\/h2>\t\t\t\t<\/div>\n\t\t\t\t<\/div>\n\t\t\t\t\t<\/div>\n\t\t<\/div>\n\t\t\t\t\t<\/div>\n\t\t<\/section>\n\t\t\t\t<section class=\"elementor-section elementor-top-section elementor-element elementor-element-3490d6e elementor-section-boxed elementor-section-height-default elementor-section-height-default\" data-id=\"3490d6e\" data-element_type=\"section\" data-e-type=\"section\">\n\t\t\t\t\t\t<div class=\"elementor-container elementor-column-gap-default\">\n\t\t\t\t\t<div class=\"elementor-column elementor-col-100 elementor-top-column elementor-element elementor-element-9e2b75e\" data-id=\"9e2b75e\" data-element_type=\"column\" data-e-type=\"column\">\n\t\t\t<div class=\"elementor-widget-wrap elementor-element-populated\">\n\t\t\t\t\t\t<div class=\"elementor-element elementor-element-4d7acfe elementor-widget elementor-widget-text-editor\" data-id=\"4d7acfe\" data-element_type=\"widget\" data-e-type=\"widget\" data-widget_type=\"text-editor.default\">\n\t\t\t\t<div class=\"elementor-widget-container\">\n\t\t\t\t\t\t\t\t\t<div class=\"-1823clz gibCkh\"><div><div class=\"-z08297 jgcomN\"><p><b>Servus miteinander!<\/b><\/p><p>Heute geht es um einen Vergleich von 3 Streaming Anbietern &#8211; Amazon Prime versus Netflix versus RTL+<\/p><p><a title=\"https:\/\/janreichenbach.de\/blog\/3-streaming-anbieter-im-vergleich-amazon-versus-netflix-versus-rtlplus\/\" href=\"https:\/\/janreichenbach.de\/blog\/3-streaming-anbieter-im-vergleich-amazon-versus-netflix-versus-rtlplus\/\" target=\"_blank\" rel=\"noopener\">https:\/\/janreichenbach.de\/blog\/3-streaming-anbieter-im-vergleich-amazon-versus-netflix-versus-rtlplus\/<\/a><\/p><p><b>Ich gehe auf folgende Punkte ein:<\/b><\/p><ul><li>\u00dcberblick<\/li><li>Kosten Check<\/li><li>Vor- und Nachteile<\/li><li>Mein Fazit<\/li><\/ul><\/div><\/div><\/div>\t\t\t\t\t\t\t\t<\/div>\n\t\t\t\t<\/div>\n\t\t\t\t\t<\/div>\n\t\t<\/div>\n\t\t\t\t\t<\/div>\n\t\t<\/section>\n\t\t\t\t<section class=\"elementor-section elementor-top-section elementor-element elementor-element-321997e elementor-section-boxed elementor-section-height-default elementor-section-height-default\" data-id=\"321997e\" data-element_type=\"section\" data-e-type=\"section\">\n\t\t\t\t\t\t<div class=\"elementor-container elementor-column-gap-default\">\n\t\t\t\t\t<div class=\"elementor-column elementor-col-100 elementor-top-column elementor-element elementor-element-b501816\" data-id=\"b501816\" data-element_type=\"column\" data-e-type=\"column\">\n\t\t\t<div class=\"elementor-widget-wrap elementor-element-populated\">\n\t\t\t\t\t\t<div class=\"elementor-element elementor-element-75a8ce6 elementor-widget elementor-widget-heading\" data-id=\"75a8ce6\" data-element_type=\"widget\" data-e-type=\"widget\" data-widget_type=\"heading.default\">\n\t\t\t\t<div class=\"elementor-widget-container\">\n\t\t\t\t\t<h2 class=\"elementor-heading-title elementor-size-default\">3 Streaming Anbieter im Vergleich \u2013 Amazon versus Netflix versus RTLplus - Video<\/h2>\t\t\t\t<\/div>\n\t\t\t\t<\/div>\n\t\t\t\t\t<\/div>\n\t\t<\/div>\n\t\t\t\t\t<\/div>\n\t\t<\/section>\n\t\t\t\t<section class=\"elementor-section elementor-top-section elementor-element elementor-element-5378683 elementor-section-boxed elementor-section-height-default elementor-section-height-default\" data-id=\"5378683\" data-element_type=\"section\" data-e-type=\"section\">\n\t\t\t\t\t\t<div class=\"elementor-container elementor-column-gap-default\">\n\t\t\t\t\t<div class=\"elementor-column elementor-col-100 elementor-top-column elementor-element elementor-element-31577e2\" data-id=\"31577e2\" data-element_type=\"column\" data-e-type=\"column\">\n\t\t\t<div class=\"elementor-widget-wrap elementor-element-populated\">\n\t\t\t\t\t\t<div class=\"elementor-element elementor-element-c31831c elementor-widget elementor-widget-video\" data-id=\"c31831c\" data-element_type=\"widget\" data-e-type=\"widget\" data-settings=\"{&quot;youtube_url&quot;:&quot;https:\\\/\\\/youtu.be\\\/M3BvCGQ_ggg&quot;,&quot;video_type&quot;:&quot;youtube&quot;,&quot;controls&quot;:&quot;yes&quot;}\" data-widget_type=\"video.default\">\n\t\t\t\t<div class=\"elementor-widget-container\">\n\t\t\t\t\t\t\t<div class=\"elementor-wrapper elementor-open-inline\">\n\t\t\t<div class=\"elementor-video\"><\/div>\t\t<\/div>\n\t\t\t\t\t\t<\/div>\n\t\t\t\t<\/div>\n\t\t\t\t\t<\/div>\n\t\t<\/div>\n\t\t\t\t\t<\/div>\n\t\t<\/section>\n\t\t\t\t<section class=\"elementor-section elementor-top-section elementor-element elementor-element-3eb8bdf elementor-section-boxed elementor-section-height-default elementor-section-height-default\" data-id=\"3eb8bdf\" data-element_type=\"section\" data-e-type=\"section\">\n\t\t\t\t\t\t<div class=\"elementor-container elementor-column-gap-default\">\n\t\t\t\t\t<div class=\"elementor-column elementor-col-100 elementor-top-column elementor-element elementor-element-961794d\" data-id=\"961794d\" data-element_type=\"column\" data-e-type=\"column\">\n\t\t\t<div class=\"elementor-widget-wrap elementor-element-populated\">\n\t\t\t\t\t\t<div class=\"elementor-element elementor-element-3fdaab3 elementor-widget elementor-widget-heading\" data-id=\"3fdaab3\" data-element_type=\"widget\" data-e-type=\"widget\" data-widget_type=\"heading.default\">\n\t\t\t\t<div class=\"elementor-widget-container\">\n\t\t\t\t\t<h2 class=\"elementor-heading-title elementor-size-default\">3 Streaming Anbieter im Vergleich \u2013 Amazon versus Netflix versus RTLplus - Quellen<\/h2>\t\t\t\t<\/div>\n\t\t\t\t<\/div>\n\t\t\t\t\t<\/div>\n\t\t<\/div>\n\t\t\t\t\t<\/div>\n\t\t<\/section>\n\t\t\t\t<section class=\"elementor-section elementor-top-section elementor-element elementor-element-3d8f3ea elementor-section-boxed elementor-section-height-default elementor-section-height-default\" data-id=\"3d8f3ea\" data-element_type=\"section\" data-e-type=\"section\">\n\t\t\t\t\t\t<div class=\"elementor-container elementor-column-gap-default\">\n\t\t\t\t\t<div class=\"elementor-column elementor-col-100 elementor-top-column elementor-element elementor-element-5f0672f\" data-id=\"5f0672f\" data-element_type=\"column\" data-e-type=\"column\">\n\t\t\t<div class=\"elementor-widget-wrap elementor-element-populated\">\n\t\t\t\t\t\t<div class=\"elementor-element elementor-element-e91ab84 elementor-widget elementor-widget-text-editor\" data-id=\"e91ab84\" data-element_type=\"widget\" data-e-type=\"widget\" data-widget_type=\"text-editor.default\">\n\t\t\t\t<div class=\"elementor-widget-container\">\n\t\t\t\t\t\t\t\t\t<p><strong>Inhalte Recherche:<\/strong><\/p><ul><li><a title=\"https:\/\/www.amazon.de\/\" href=\"https:\/\/www.amazon.de\/\" target=\"_blank\" rel=\"noopener nofollow\">Amazon<\/a><\/li><li><a title=\"https:\/\/www.netflix.com\/de\/\" href=\"https:\/\/www.netflix.com\/de\/\" target=\"_blank\" rel=\"noopener nofollow\">Netflix<\/a><\/li><li><a title=\"https:\/\/plus.rtl.de\/\" href=\"https:\/\/plus.rtl.de\/\" target=\"_blank\" rel=\"noopener nofollow\">RTL+<\/a><\/li><\/ul><p><strong>Showopener:<\/strong><\/p><p><a title=\"https:\/\/www.webradiojingles24.de\/\" href=\"https:\/\/www.webradiojingles24.de\/\" target=\"_blank\" rel=\"nofollow noopener\">https:\/\/www.webradiojingles24.de\/<\/a><\/p><p><strong>Musikuntermalung am Ende:<\/strong><\/p><p><a title=\"https:\/\/www.audiohero.com\/\" href=\"https:\/\/www.audiohero.com\/\" target=\"_blank\" rel=\"nofollow noopener\">https:\/\/www.audiohero.com\/<\/a><\/p><p>Lied: Grand Irish Jig Movie Theme \u2013 Movie Themes<\/p><p>Album: Classic Showbiz Segues 1<\/p><p>Komponist: S.I. Publishing (SOCAN)<\/p>\t\t\t\t\t\t\t\t<\/div>\n\t\t\t\t<\/div>\n\t\t\t\t\t<\/div>\n\t\t<\/div>\n\t\t\t\t\t<\/div>\n\t\t<\/section>\n\t\t\t\t<section class=\"elementor-section elementor-top-section elementor-element elementor-element-4f4245f elementor-section-boxed elementor-section-height-default elementor-section-height-default\" data-id=\"4f4245f\" data-element_type=\"section\" data-e-type=\"section\">\n\t\t\t\t\t\t<div class=\"elementor-container elementor-column-gap-default\">\n\t\t\t\t\t<div class=\"elementor-column elementor-col-100 elementor-top-column elementor-element elementor-element-f21104b\" data-id=\"f21104b\" data-element_type=\"column\" data-e-type=\"column\">\n\t\t\t<div class=\"elementor-widget-wrap elementor-element-populated\">\n\t\t\t\t\t\t<div class=\"elementor-element elementor-element-a10756e elementor-widget elementor-widget-heading\" data-id=\"a10756e\" data-element_type=\"widget\" data-e-type=\"widget\" data-widget_type=\"heading.default\">\n\t\t\t\t<div class=\"elementor-widget-container\">\n\t\t\t\t\t<h2 class=\"elementor-heading-title elementor-size-default\">3 Streaming Anbieter im Vergleich \u2013 Amazon versus Netflix versus RTLplus - Servus<\/h2>\t\t\t\t<\/div>\n\t\t\t\t<\/div>\n\t\t\t\t\t<\/div>\n\t\t<\/div>\n\t\t\t\t\t<\/div>\n\t\t<\/section>\n\t\t\t\t<section class=\"elementor-section elementor-top-section elementor-element elementor-element-3e796f5 elementor-section-boxed elementor-section-height-default elementor-section-height-default\" data-id=\"3e796f5\" data-element_type=\"section\" data-e-type=\"section\">\n\t\t\t\t\t\t<div class=\"elementor-container elementor-column-gap-default\">\n\t\t\t\t\t<div class=\"elementor-column elementor-col-100 elementor-top-column elementor-element elementor-element-29c9b64\" data-id=\"29c9b64\" data-element_type=\"column\" data-e-type=\"column\">\n\t\t\t<div class=\"elementor-widget-wrap elementor-element-populated\">\n\t\t\t\t\t\t<div class=\"elementor-element elementor-element-3601647 elementor-widget elementor-widget-text-editor\" data-id=\"3601647\" data-element_type=\"widget\" data-e-type=\"widget\" data-widget_type=\"text-editor.default\">\n\t\t\t\t<div class=\"elementor-widget-container\">\n\t\t\t\t\t\t\t\t\t<p>Auf euer Lob und eure Kritik freue ich mich!<\/p><p>Bitte abonniert meinen Podcast und YouTube-Kanal!<\/p>\t\t\t\t\t\t\t\t<\/div>\n\t\t\t\t<\/div>\n\t\t\t\t\t<\/div>\n\t\t<\/div>\n\t\t\t\t\t<\/div>\n\t\t<\/section>\n\t\t\t\t<section class=\"elementor-section elementor-top-section elementor-element elementor-element-c9272f4 elementor-section-boxed elementor-section-height-default elementor-section-height-default\" data-id=\"c9272f4\" data-element_type=\"section\" data-e-type=\"section\">\n\t\t\t\t\t\t<div class=\"elementor-container elementor-column-gap-default\">\n\t\t\t\t\t<div class=\"elementor-column elementor-col-100 elementor-top-column elementor-element elementor-element-578ca1a\" data-id=\"578ca1a\" data-element_type=\"column\" data-e-type=\"column\">\n\t\t\t<div class=\"elementor-widget-wrap elementor-element-populated\">\n\t\t\t\t\t\t<div class=\"elementor-element elementor-element-c42e6d2 elementor-widget elementor-widget-image\" data-id=\"c42e6d2\" data-element_type=\"widget\" data-e-type=\"widget\" data-widget_type=\"image.default\">\n\t\t\t\t<div class=\"elementor-widget-container\">\n\t\t\t\t\t\t\t\t\t\t\t\t<figure class=\"wp-caption\">\n\t\t\t\t\t\t\t\t\t\t<img fetchpriority=\"high\" decoding=\"async\" width=\"225\" height=\"300\" src=\"https:\/\/janreichenbach.de\/blog\/wp-content\/uploads\/2023\/09\/20230806_102221-225x300.jpg\" class=\"attachment-medium size-medium wp-image-6049\" alt=\"100 Jahre Radio in Deutschland - 2023\" srcset=\"https:\/\/janreichenbach.de\/blog\/wp-content\/uploads\/2023\/09\/20230806_102221-225x300.jpg 225w, https:\/\/janreichenbach.de\/blog\/wp-content\/uploads\/2023\/09\/20230806_102221-768x1024.jpg 768w, https:\/\/janreichenbach.de\/blog\/wp-content\/uploads\/2023\/09\/20230806_102221-1152x1536.jpg 1152w, https:\/\/janreichenbach.de\/blog\/wp-content\/uploads\/2023\/09\/20230806_102221-1536x2048.jpg 1536w, https:\/\/janreichenbach.de\/blog\/wp-content\/uploads\/2023\/09\/20230806_102221-scaled.jpg 1920w\" sizes=\"(max-width: 225px) 100vw, 225px\" \/>\t\t\t\t\t\t\t\t\t\t\t<figcaption class=\"widget-image-caption wp-caption-text\">3 Streaming Anbieter im Vergleich - Amazon versus Netflix versus RTLplus - Jan Reichenbach<\/figcaption>\n\t\t\t\t\t\t\t\t\t\t<\/figure>\n\t\t\t\t\t\t\t\t\t<\/div>\n\t\t\t\t<\/div>\n\t\t\t\t\t<\/div>\n\t\t<\/div>\n\t\t\t\t\t<\/div>\n\t\t<\/section>\n\t\t\t\t<section class=\"elementor-section elementor-top-section elementor-element elementor-element-551ed50 elementor-section-boxed elementor-section-height-default elementor-section-height-default\" data-id=\"551ed50\" data-element_type=\"section\" data-e-type=\"section\">\n\t\t\t\t\t\t<div class=\"elementor-container elementor-column-gap-default\">\n\t\t\t\t\t<div class=\"elementor-column elementor-col-100 elementor-top-column elementor-element elementor-element-f0b1a16\" data-id=\"f0b1a16\" data-element_type=\"column\" data-e-type=\"column\">\n\t\t\t<div class=\"elementor-widget-wrap elementor-element-populated\">\n\t\t\t\t\t\t<div class=\"elementor-element elementor-element-b260f3d elementor-widget elementor-widget-heading\" data-id=\"b260f3d\" data-element_type=\"widget\" data-e-type=\"widget\" data-widget_type=\"heading.default\">\n\t\t\t\t<div class=\"elementor-widget-container\">\n\t\t\t\t\t<h2 class=\"elementor-heading-title elementor-size-default\">3 Streaming Anbieter im Vergleich \u2013 Amazon versus Netflix versus RTLplus - Das k\u00f6nnte dir auch gefallen!<\/h2>\t\t\t\t<\/div>\n\t\t\t\t<\/div>\n\t\t\t\t\t<\/div>\n\t\t<\/div>\n\t\t\t\t\t<\/div>\n\t\t<\/section>\n\t\t\t\t<section class=\"elementor-section elementor-top-section elementor-element elementor-element-6caeb4c elementor-section-boxed elementor-section-height-default elementor-section-height-default\" data-id=\"6caeb4c\" data-element_type=\"section\" data-e-type=\"section\">\n\t\t\t\t\t\t<div class=\"elementor-container elementor-column-gap-default\">\n\t\t\t\t\t<div class=\"elementor-column elementor-col-100 elementor-top-column elementor-element elementor-element-0960956\" data-id=\"0960956\" data-element_type=\"column\" data-e-type=\"column\">\n\t\t\t<div class=\"elementor-widget-wrap elementor-element-populated\">\n\t\t\t\t\t\t<div class=\"elementor-element elementor-element-a29c16b elementor-grid-3 elementor-grid-tablet-2 elementor-grid-mobile-1 elementor-posts--thumbnail-top elementor-widget elementor-widget-posts\" data-id=\"a29c16b\" data-element_type=\"widget\" data-e-type=\"widget\" data-settings=\"{&quot;classic_columns&quot;:&quot;3&quot;,&quot;classic_columns_tablet&quot;:&quot;2&quot;,&quot;classic_columns_mobile&quot;:&quot;1&quot;,&quot;classic_row_gap&quot;:{&quot;unit&quot;:&quot;px&quot;,&quot;size&quot;:35,&quot;sizes&quot;:[]},&quot;classic_row_gap_tablet&quot;:{&quot;unit&quot;:&quot;px&quot;,&quot;size&quot;:&quot;&quot;,&quot;sizes&quot;:[]},&quot;classic_row_gap_mobile&quot;:{&quot;unit&quot;:&quot;px&quot;,&quot;size&quot;:&quot;&quot;,&quot;sizes&quot;:[]}}\" data-widget_type=\"posts.classic\">\n\t\t\t\t<div class=\"elementor-widget-container\">\n\t\t\t\t\t\t\t<div class=\"elementor-posts-container elementor-posts elementor-posts--skin-classic elementor-grid\" role=\"list\">\n\t\t\t\t<article class=\"elementor-post elementor-grid-item post-7161 post type-post status-publish format-standard has-post-thumbnail hentry category-reise-trips tag-hersbruck tag-hirtenmuseum tag-skulpturen infinite-scroll-item\" role=\"listitem\">\n\t\t\t\t<a class=\"elementor-post__thumbnail__link\" href=\"https:\/\/janreichenbach.de\/blog\/stadt-hersbruck-35-km-oestlich-von-nuernberg-fotosession\/\" tabindex=\"-1\">\n\t\t\t<div class=\"elementor-post__thumbnail\"><img decoding=\"async\" width=\"300\" height=\"180\" src=\"https:\/\/janreichenbach.de\/blog\/wp-content\/uploads\/2026\/04\/A1200503-300x180.jpg\" class=\"attachment-medium size-medium wp-image-7163\" alt=\"Stadt Hersbruck - 35 KM \u00f6stlich von N\u00fcrnberg - Fotosession\" srcset=\"https:\/\/janreichenbach.de\/blog\/wp-content\/uploads\/2026\/04\/A1200503-300x180.jpg 300w, https:\/\/janreichenbach.de\/blog\/wp-content\/uploads\/2026\/04\/A1200503-1024x615.jpg 1024w, https:\/\/janreichenbach.de\/blog\/wp-content\/uploads\/2026\/04\/A1200503-768x461.jpg 768w, https:\/\/janreichenbach.de\/blog\/wp-content\/uploads\/2026\/04\/A1200503-1536x922.jpg 1536w, https:\/\/janreichenbach.de\/blog\/wp-content\/uploads\/2026\/04\/A1200503-2048x1229.jpg 2048w\" sizes=\"(max-width: 300px) 100vw, 300px\" \/><\/div>\n\t\t<\/a>\n\t\t\t\t<div class=\"elementor-post__text\">\n\t\t\t\t<h3 class=\"elementor-post__title\">\n\t\t\t<a href=\"https:\/\/janreichenbach.de\/blog\/stadt-hersbruck-35-km-oestlich-von-nuernberg-fotosession\/\">\n\t\t\t\tStadt Hersbruck &#8211; 35 KM \u00f6stlich von N\u00fcrnberg &#8211; Fotosession\t\t\t<\/a>\n\t\t<\/h3>\n\t\t\t\t<div class=\"elementor-post__meta-data\">\n\t\t\t\t\t<span class=\"elementor-post-date\">\n\t\t\t19. April 2026\t\t<\/span>\n\t\t\t\t<span class=\"elementor-post-avatar\">\n\t\t\tKeine Kommentare\t\t<\/span>\n\t\t\t\t<\/div>\n\t\t\t\t<div class=\"elementor-post__excerpt\">\n\t\t\t<p>Stadt Hersbruck &#8211; 35 KM \u00f6stlich von N\u00fcrnberg &#8211; Fotosession<\/p>\n\t\t<\/div>\n\t\t\n\t\t<a class=\"elementor-post__read-more\" href=\"https:\/\/janreichenbach.de\/blog\/stadt-hersbruck-35-km-oestlich-von-nuernberg-fotosession\/\" aria-label=\"Mehr \u00fcber Stadt Hersbruck &#8211; 35 KM \u00f6stlich von N\u00fcrnberg &#8211; Fotosession\" tabindex=\"-1\">\n\t\t\tWeiterlesen \u00bb\t\t<\/a>\n\n\t\t\t\t<\/div>\n\t\t\t\t<\/article>\n\t\t\t\t<article class=\"elementor-post elementor-grid-item post-7147 post type-post status-publish format-standard has-post-thumbnail hentry category-foto-und-videografie tag-hobby tag-leidenschaft tag-tierfotografie infinite-scroll-item\" role=\"listitem\">\n\t\t\t\t<a class=\"elementor-post__thumbnail__link\" href=\"https:\/\/janreichenbach.de\/blog\/neustart-audio-podcast-im-maerz-2026-tierfotografie-meine-leidenschaft\/\" tabindex=\"-1\">\n\t\t\t<div class=\"elementor-post__thumbnail\"><img decoding=\"async\" width=\"300\" height=\"169\" src=\"https:\/\/janreichenbach.de\/blog\/wp-content\/uploads\/2026\/03\/YouTube-Thumbnail-1280x720-px-300x169.jpeg\" class=\"attachment-medium size-medium wp-image-7148\" alt=\"Neustart Audio Podcast im M\u00e4rz 2026 - Tierfotografie meine Leidenschaft\" srcset=\"https:\/\/janreichenbach.de\/blog\/wp-content\/uploads\/2026\/03\/YouTube-Thumbnail-1280x720-px-300x169.jpeg 300w, https:\/\/janreichenbach.de\/blog\/wp-content\/uploads\/2026\/03\/YouTube-Thumbnail-1280x720-px-1024x576.jpeg 1024w, https:\/\/janreichenbach.de\/blog\/wp-content\/uploads\/2026\/03\/YouTube-Thumbnail-1280x720-px-768x432.jpeg 768w, https:\/\/janreichenbach.de\/blog\/wp-content\/uploads\/2026\/03\/YouTube-Thumbnail-1280x720-px-1536x864.jpeg 1536w, https:\/\/janreichenbach.de\/blog\/wp-content\/uploads\/2026\/03\/YouTube-Thumbnail-1280x720-px-2048x1152.jpeg 2048w\" sizes=\"(max-width: 300px) 100vw, 300px\" \/><\/div>\n\t\t<\/a>\n\t\t\t\t<div class=\"elementor-post__text\">\n\t\t\t\t<h3 class=\"elementor-post__title\">\n\t\t\t<a href=\"https:\/\/janreichenbach.de\/blog\/neustart-audio-podcast-im-maerz-2026-tierfotografie-meine-leidenschaft\/\">\n\t\t\t\tNeustart Audio Podcast im M\u00e4rz 2026 &#8211; Tierfotografie meine Leidenschaft\t\t\t<\/a>\n\t\t<\/h3>\n\t\t\t\t<div class=\"elementor-post__meta-data\">\n\t\t\t\t\t<span class=\"elementor-post-date\">\n\t\t\t6. M\u00e4rz 2026\t\t<\/span>\n\t\t\t\t<span class=\"elementor-post-avatar\">\n\t\t\t2\u00a0Kommentare\t\t<\/span>\n\t\t\t\t<\/div>\n\t\t\t\t<div class=\"elementor-post__excerpt\">\n\t\t\t<p>Neustart Audio Podcast im M\u00e4rz 2026 &#8211; Tierfotografie meine Leidenschaft<\/p>\n\t\t<\/div>\n\t\t\n\t\t<a class=\"elementor-post__read-more\" href=\"https:\/\/janreichenbach.de\/blog\/neustart-audio-podcast-im-maerz-2026-tierfotografie-meine-leidenschaft\/\" aria-label=\"Mehr \u00fcber Neustart Audio Podcast im M\u00e4rz 2026 &#8211; Tierfotografie meine Leidenschaft\" tabindex=\"-1\">\n\t\t\tWeiterlesen \u00bb\t\t<\/a>\n\n\t\t\t\t<\/div>\n\t\t\t\t<\/article>\n\t\t\t\t<article class=\"elementor-post elementor-grid-item post-7109 post type-post status-publish format-standard has-post-thumbnail hentry category-foto-und-videografie tag-fortbildung tag-fotokurs tag-tierpark-hellabrunn infinite-scroll-item\" role=\"listitem\">\n\t\t\t\t<a class=\"elementor-post__thumbnail__link\" href=\"https:\/\/janreichenbach.de\/blog\/fotokurs-tierpark-hellabrunn-august-2025\/\" tabindex=\"-1\">\n\t\t\t<div class=\"elementor-post__thumbnail\"><img loading=\"lazy\" decoding=\"async\" width=\"269\" height=\"300\" src=\"https:\/\/janreichenbach.de\/blog\/wp-content\/uploads\/2025\/08\/DSC02164-269x300.jpg\" class=\"attachment-medium size-medium wp-image-7110\" alt=\"Fotokurs Tierpark Hellabrunn\" srcset=\"https:\/\/janreichenbach.de\/blog\/wp-content\/uploads\/2025\/08\/DSC02164-269x300.jpg 269w, https:\/\/janreichenbach.de\/blog\/wp-content\/uploads\/2025\/08\/DSC02164-918x1024.jpg 918w, https:\/\/janreichenbach.de\/blog\/wp-content\/uploads\/2025\/08\/DSC02164-768x856.jpg 768w, https:\/\/janreichenbach.de\/blog\/wp-content\/uploads\/2025\/08\/DSC02164-1377x1536.jpg 1377w, https:\/\/janreichenbach.de\/blog\/wp-content\/uploads\/2025\/08\/DSC02164-1837x2048.jpg 1837w\" sizes=\"(max-width: 269px) 100vw, 269px\" \/><\/div>\n\t\t<\/a>\n\t\t\t\t<div class=\"elementor-post__text\">\n\t\t\t\t<h3 class=\"elementor-post__title\">\n\t\t\t<a href=\"https:\/\/janreichenbach.de\/blog\/fotokurs-tierpark-hellabrunn-august-2025\/\">\n\t\t\t\tFotokurs Tierpark Hellabrunn &#8211; August 2025\t\t\t<\/a>\n\t\t<\/h3>\n\t\t\t\t<div class=\"elementor-post__meta-data\">\n\t\t\t\t\t<span class=\"elementor-post-date\">\n\t\t\t17. August 2025\t\t<\/span>\n\t\t\t\t<span class=\"elementor-post-avatar\">\n\t\t\tKeine Kommentare\t\t<\/span>\n\t\t\t\t<\/div>\n\t\t\t\t<div class=\"elementor-post__excerpt\">\n\t\t\t<p>Ich habe am 16.08.2025 einen Fotokurs im Tierpark Hellabrunn belegt. Hier sind meine Ergebnisse, also Fotos in Form einer Show.<\/p>\n\t\t<\/div>\n\t\t\n\t\t<a class=\"elementor-post__read-more\" href=\"https:\/\/janreichenbach.de\/blog\/fotokurs-tierpark-hellabrunn-august-2025\/\" aria-label=\"Mehr \u00fcber Fotokurs Tierpark Hellabrunn &#8211; August 2025\" tabindex=\"-1\">\n\t\t\tWeiterlesen \u00bb\t\t<\/a>\n\n\t\t\t\t<\/div>\n\t\t\t\t<\/article>\n\t\t\t\t<article class=\"elementor-post elementor-grid-item post-7099 post type-post status-publish format-standard has-post-thumbnail hentry category-tierpark tag-sony-alpha-7cii tag-sony-objektiv-200-600mm tag-tierpark-hellabrunn infinite-scroll-item\" role=\"listitem\">\n\t\t\t\t<a class=\"elementor-post__thumbnail__link\" href=\"https:\/\/janreichenbach.de\/blog\/mit-der-sony-alpha-7cii-und-sony-objektiv-200-600mm-im-tierpark-hellabrunn\/\" tabindex=\"-1\">\n\t\t\t<div class=\"elementor-post__thumbnail\"><img loading=\"lazy\" decoding=\"async\" width=\"300\" height=\"200\" src=\"https:\/\/janreichenbach.de\/blog\/wp-content\/uploads\/2025\/07\/DSC00824-300x200.jpg\" class=\"attachment-medium size-medium wp-image-7100\" alt=\"Mit der Sony Alpha 7Cii und Sony Objektiv 200-600mm im Tierpark Hellabrunn\" srcset=\"https:\/\/janreichenbach.de\/blog\/wp-content\/uploads\/2025\/07\/DSC00824-300x200.jpg 300w, https:\/\/janreichenbach.de\/blog\/wp-content\/uploads\/2025\/07\/DSC00824-1024x683.jpg 1024w, https:\/\/janreichenbach.de\/blog\/wp-content\/uploads\/2025\/07\/DSC00824-768x512.jpg 768w, https:\/\/janreichenbach.de\/blog\/wp-content\/uploads\/2025\/07\/DSC00824-1536x1024.jpg 1536w, https:\/\/janreichenbach.de\/blog\/wp-content\/uploads\/2025\/07\/DSC00824.jpg 2048w\" sizes=\"(max-width: 300px) 100vw, 300px\" \/><\/div>\n\t\t<\/a>\n\t\t\t\t<div class=\"elementor-post__text\">\n\t\t\t\t<h3 class=\"elementor-post__title\">\n\t\t\t<a href=\"https:\/\/janreichenbach.de\/blog\/mit-der-sony-alpha-7cii-und-sony-objektiv-200-600mm-im-tierpark-hellabrunn\/\">\n\t\t\t\tMit der Sony Alpha 7Cii und Sony Objektiv 200-600mm im Tierpark Hellabrunn\t\t\t<\/a>\n\t\t<\/h3>\n\t\t\t\t<div class=\"elementor-post__meta-data\">\n\t\t\t\t\t<span class=\"elementor-post-date\">\n\t\t\t12. Juli 2025\t\t<\/span>\n\t\t\t\t<span class=\"elementor-post-avatar\">\n\t\t\tKeine Kommentare\t\t<\/span>\n\t\t\t\t<\/div>\n\t\t\t\t<div class=\"elementor-post__excerpt\">\n\t\t\t<p>Mit der Sony Alpha 7Cii und Sony Objektiv 200-600mm im Tierpark Hellabrunn<\/p>\n\t\t<\/div>\n\t\t\n\t\t<a class=\"elementor-post__read-more\" href=\"https:\/\/janreichenbach.de\/blog\/mit-der-sony-alpha-7cii-und-sony-objektiv-200-600mm-im-tierpark-hellabrunn\/\" aria-label=\"Mehr \u00fcber Mit der Sony Alpha 7Cii und Sony Objektiv 200-600mm im Tierpark Hellabrunn\" tabindex=\"-1\">\n\t\t\tWeiterlesen \u00bb\t\t<\/a>\n\n\t\t\t\t<\/div>\n\t\t\t\t<\/article>\n\t\t\t\t<article class=\"elementor-post elementor-grid-item post-7079 post type-post status-publish format-standard has-post-thumbnail hentry category-freizeit-kultur-medien tag-ein-tag-bericht-aus-einem-konzentraionslager-1939 tag-micha-denkt-gross tag-vienna-blood-mephisto-1-und-2 infinite-scroll-item\" role=\"listitem\">\n\t\t\t\t<a class=\"elementor-post__thumbnail__link\" href=\"https:\/\/janreichenbach.de\/blog\/3-mediatheken-highlights-ende-januar-2025\/\" tabindex=\"-1\">\n\t\t\t<div class=\"elementor-post__thumbnail\"><img loading=\"lazy\" decoding=\"async\" width=\"300\" height=\"169\" src=\"https:\/\/janreichenbach.de\/blog\/wp-content\/uploads\/2025\/01\/YouTube-Thumbnail-1280x720-px3-300x169.jpeg\" class=\"attachment-medium size-medium wp-image-7080\" alt=\"3 Mediatheken Highlights Ende Januar 2025\" srcset=\"https:\/\/janreichenbach.de\/blog\/wp-content\/uploads\/2025\/01\/YouTube-Thumbnail-1280x720-px3-300x169.jpeg 300w, https:\/\/janreichenbach.de\/blog\/wp-content\/uploads\/2025\/01\/YouTube-Thumbnail-1280x720-px3-1024x576.jpeg 1024w, https:\/\/janreichenbach.de\/blog\/wp-content\/uploads\/2025\/01\/YouTube-Thumbnail-1280x720-px3-768x432.jpeg 768w, https:\/\/janreichenbach.de\/blog\/wp-content\/uploads\/2025\/01\/YouTube-Thumbnail-1280x720-px3-1536x864.jpeg 1536w, https:\/\/janreichenbach.de\/blog\/wp-content\/uploads\/2025\/01\/YouTube-Thumbnail-1280x720-px3-2048x1152.jpeg 2048w\" sizes=\"(max-width: 300px) 100vw, 300px\" \/><\/div>\n\t\t<\/a>\n\t\t\t\t<div class=\"elementor-post__text\">\n\t\t\t\t<h3 class=\"elementor-post__title\">\n\t\t\t<a href=\"https:\/\/janreichenbach.de\/blog\/3-mediatheken-highlights-ende-januar-2025\/\">\n\t\t\t\t3 Mediatheken Highlights Ende Januar 2025\t\t\t<\/a>\n\t\t<\/h3>\n\t\t\t\t<div class=\"elementor-post__meta-data\">\n\t\t\t\t\t<span class=\"elementor-post-date\">\n\t\t\t28. Januar 2025\t\t<\/span>\n\t\t\t\t<span class=\"elementor-post-avatar\">\n\t\t\tKeine Kommentare\t\t<\/span>\n\t\t\t\t<\/div>\n\t\t\t\t<div class=\"elementor-post__excerpt\">\n\t\t\t<p>3 Mediatheken Highlights Ende Januar 2025<\/p>\n\t\t<\/div>\n\t\t\n\t\t<a class=\"elementor-post__read-more\" href=\"https:\/\/janreichenbach.de\/blog\/3-mediatheken-highlights-ende-januar-2025\/\" aria-label=\"Mehr \u00fcber 3 Mediatheken Highlights Ende Januar 2025\" tabindex=\"-1\">\n\t\t\tWeiterlesen \u00bb\t\t<\/a>\n\n\t\t\t\t<\/div>\n\t\t\t\t<\/article>\n\t\t\t\t<article class=\"elementor-post elementor-grid-item post-7069 post type-post status-publish format-standard has-post-thumbnail hentry category-digital-technik tag-emeet-smartcam-c960-4k tag-logitech-brio-4k tag-webcam-duell infinite-scroll-item\" role=\"listitem\">\n\t\t\t\t<a class=\"elementor-post__thumbnail__link\" href=\"https:\/\/janreichenbach.de\/blog\/logitech-brio-4k-versus-emeet-smartcam-c960-4k\/\" tabindex=\"-1\">\n\t\t\t<div class=\"elementor-post__thumbnail\"><img loading=\"lazy\" decoding=\"async\" width=\"300\" height=\"169\" src=\"https:\/\/janreichenbach.de\/blog\/wp-content\/uploads\/2025\/01\/YouTube-Thumbnail-1280x720-px-300x169.jpeg\" class=\"attachment-medium size-medium wp-image-7070\" alt=\"Logitech Brio 4K versus Emeet SmartCam C960 4K\" srcset=\"https:\/\/janreichenbach.de\/blog\/wp-content\/uploads\/2025\/01\/YouTube-Thumbnail-1280x720-px-300x169.jpeg 300w, https:\/\/janreichenbach.de\/blog\/wp-content\/uploads\/2025\/01\/YouTube-Thumbnail-1280x720-px-1024x576.jpeg 1024w, https:\/\/janreichenbach.de\/blog\/wp-content\/uploads\/2025\/01\/YouTube-Thumbnail-1280x720-px-768x432.jpeg 768w, https:\/\/janreichenbach.de\/blog\/wp-content\/uploads\/2025\/01\/YouTube-Thumbnail-1280x720-px-1536x864.jpeg 1536w, https:\/\/janreichenbach.de\/blog\/wp-content\/uploads\/2025\/01\/YouTube-Thumbnail-1280x720-px-2048x1152.jpeg 2048w\" sizes=\"(max-width: 300px) 100vw, 300px\" \/><\/div>\n\t\t<\/a>\n\t\t\t\t<div class=\"elementor-post__text\">\n\t\t\t\t<h3 class=\"elementor-post__title\">\n\t\t\t<a href=\"https:\/\/janreichenbach.de\/blog\/logitech-brio-4k-versus-emeet-smartcam-c960-4k\/\">\n\t\t\t\tLogitech Brio 4K versus Emeet SmartCam C960 4K\t\t\t<\/a>\n\t\t<\/h3>\n\t\t\t\t<div class=\"elementor-post__meta-data\">\n\t\t\t\t\t<span class=\"elementor-post-date\">\n\t\t\t10. Januar 2025\t\t<\/span>\n\t\t\t\t<span class=\"elementor-post-avatar\">\n\t\t\tKeine Kommentare\t\t<\/span>\n\t\t\t\t<\/div>\n\t\t\t\t<div class=\"elementor-post__excerpt\">\n\t\t\t<p>Webcam-Duell: Logitech Brio 4K versus Emeet SmartCam C960 4K<\/p>\n\t\t<\/div>\n\t\t\n\t\t<a class=\"elementor-post__read-more\" href=\"https:\/\/janreichenbach.de\/blog\/logitech-brio-4k-versus-emeet-smartcam-c960-4k\/\" aria-label=\"Mehr \u00fcber Logitech Brio 4K versus Emeet SmartCam C960 4K\" tabindex=\"-1\">\n\t\t\tWeiterlesen \u00bb\t\t<\/a>\n\n\t\t\t\t<\/div>\n\t\t\t\t<\/article>\n\t\t\t\t<\/div>\n\t\t\n\t\t\t\t\t\t<\/div>\n\t\t\t\t<\/div>\n\t\t\t\t\t<\/div>\n\t\t<\/div>\n\t\t\t\t\t<\/div>\n\t\t<\/section>\n\t\t\t\t<\/div>\n\t\t","protected":false},"excerpt":{"rendered":"<p>Drei Streaming Anbieter im Vergleich &#8211; Amazon Prime versus Netflix Standard versus RTLplus Max<\/p>\n","protected":false},"author":1,"featured_media":7025,"comment_status":"open","ping_status":"open","sticky":false,"template":"","format":"standard","meta":{"footnotes":""},"categories":[545],"tags":[738,739,740,741],"class_list":["post-6980","post","type-post","status-publish","format-standard","has-post-thumbnail","hentry","category-freizeit-kultur-medien","tag-3-streaming-anbieter-im-vergleich","tag-amazon-prime","tag-netflix-standard","tag-rtlplus-max","infinite-scroll-item"],"_links":{"self":[{"href":"https:\/\/janreichenbach.de\/blog\/wp-json\/wp\/v2\/posts\/6980","targetHints":{"allow":["GET"]}}],"collection":[{"href":"https:\/\/janreichenbach.de\/blog\/wp-json\/wp\/v2\/posts"}],"about":[{"href":"https:\/\/janreichenbach.de\/blog\/wp-json\/wp\/v2\/types\/post"}],"author":[{"embeddable":true,"href":"https:\/\/janreichenbach.de\/blog\/wp-json\/wp\/v2\/users\/1"}],"replies":[{"embeddable":true,"href":"https:\/\/janreichenbach.de\/blog\/wp-json\/wp\/v2\/comments?post=6980"}],"version-history":[{"count":20,"href":"https:\/\/janreichenbach.de\/blog\/wp-json\/wp\/v2\/posts\/6980\/revisions"}],"predecessor-version":[{"id":7029,"href":"https:\/\/janreichenbach.de\/blog\/wp-json\/wp\/v2\/posts\/6980\/revisions\/7029"}],"wp:featuredmedia":[{"embeddable":true,"href":"https:\/\/janreichenbach.de\/blog\/wp-json\/wp\/v2\/media\/7025"}],"wp:attachment":[{"href":"https:\/\/janreichenbach.de\/blog\/wp-json\/wp\/v2\/media?parent=6980"}],"wp:term":[{"taxonomy":"category","embeddable":true,"href":"https:\/\/janreichenbach.de\/blog\/wp-json\/wp\/v2\/categories?post=6980"},{"taxonomy":"post_tag","embeddable":true,"href":"https:\/\/janreichenbach.de\/blog\/wp-json\/wp\/v2\/tags?post=6980"}],"curies":[{"name":"wp","href":"https:\/\/api.w.org\/{rel}","templated":true}]}}